{"id":463,"date":"2015-01-22T13:30:04","date_gmt":"2015-01-22T11:30:04","guid":{"rendered":"http:\/\/www.wortwerkwittenberg.de\/wordpress\/?p=463"},"modified":"2016-01-05T13:30:45","modified_gmt":"2016-01-05T11:30:45","slug":"wortwerkwittenberg-trifft-das-europa-paralement","status":"publish","type":"post","link":"http:\/\/www.wortwerkwittenberg.de\/wordpress\/wortwerkwittenberg-trifft-das-europa-paralement\/","title":{"rendered":"WortWerkWittenberg trifft das Europa-Paralement"},"content":{"rendered":"<p>Treffen am 22. Januar 2015 von H.-J. Solms und G. Meiser mit Herrn <a href=\"http:\/\/www.arne-lietz.de\" target=\"_blank\">Arne Lietz<\/a> (SPD), Mitglied des Europa-Parlaments; Planung einer Tagung zur Bedeutung der Reformation f\u00fcr die Ausbildung nationaler Schriftsprachen in den L\u00e4ndern Osteuropas.<\/p>\n<p>Zum Thema:<br \/>\n\u201eDem reformatorischen und letztlich weltver\u00e4ndernden Anliegen entsprechend, den Text der Bibel jedem in einer verst\u00e4ndlichen Sprache zu vermitteln, war die Reformation auch in anderen L\u00e4ndern (etwa in Finnland, Lettland, Litauen, Slovenien) Ausl\u00f6serin f\u00fcr die Verschriftlichung bzw. Kodifizierung der jeweiligen Landessprache. Die Konstituiertung einer eigenen Schriftsprache wurde auch hier Grundlage einer nationalen Identit\u00e4t.\u201c<\/p>\n","protected":false},"excerpt":{"rendered":"<p>Treffen am 22. Januar 2015 von H.-J. Solms und G. Meiser mit Herrn Arne Lietz (SPD), Mitglied des Europa-Parlaments; Planung einer Tagung zur Bedeutung der Reformation f\u00fcr die Ausbildung nationaler Schriftsprachen in den L\u00e4ndern Osteuropas. Zum Thema: \u201eDem reformatorischen und letztlich weltver\u00e4ndernden Anliegen entsprechend, den Text der Bibel jedem in \u2026<\/p>\n<p class=\"continue-reading-button\"> <a class=\"continue-reading-link\" href=\"http:\/\/www.wortwerkwittenberg.de\/wordpress\/wortwerkwittenberg-trifft-das-europa-paralement\/\">Mehr lesen?<i class=\"crycon-right-dir\"><\/i><\/a><\/p>\n","protected":false},"author":3,"featured_media":0,"comment_status":"closed","ping_status":"open","sticky":false,"template":"","format":"standard","meta":{"footnotes":""},"categories":[1],"tags":[],"class_list":["post-463","post","type-post","status-publish","format-standard","hentry","category-allgemein"],"_links":{"self":[{"href":"http:\/\/www.wortwerkwittenberg.de\/wordpress\/wp-json\/wp\/v2\/posts\/463","targetHints":{"allow":["GET"]}}],"collection":[{"href":"http:\/\/www.wortwerkwittenberg.de\/wordpress\/wp-json\/wp\/v2\/posts"}],"about":[{"href":"http:\/\/www.wortwerkwittenberg.de\/wordpress\/wp-json\/wp\/v2\/types\/post"}],"author":[{"embeddable":true,"href":"http:\/\/www.wortwerkwittenberg.de\/wordpress\/wp-json\/wp\/v2\/users\/3"}],"replies":[{"embeddable":true,"href":"http:\/\/www.wortwerkwittenberg.de\/wordpress\/wp-json\/wp\/v2\/comments?post=463"}],"version-history":[{"count":1,"href":"http:\/\/www.wortwerkwittenberg.de\/wordpress\/wp-json\/wp\/v2\/posts\/463\/revisions"}],"predecessor-version":[{"id":464,"href":"http:\/\/www.wortwerkwittenberg.de\/wordpress\/wp-json\/wp\/v2\/posts\/463\/revisions\/464"}],"wp:attachment":[{"href":"http:\/\/www.wortwerkwittenberg.de\/wordpress\/wp-json\/wp\/v2\/media?parent=463"}],"wp:term":[{"taxonomy":"category","embeddable":true,"href":"http:\/\/www.wortwerkwittenberg.de\/wordpress\/wp-json\/wp\/v2\/categories?post=463"},{"taxonomy":"post_tag","embeddable":true,"href":"http:\/\/www.wortwerkwittenberg.de\/wordpress\/wp-json\/wp\/v2\/tags?post=463"}],"curies":[{"name":"wp","href":"https:\/\/api.w.org\/{rel}","templated":true}]}}