{"id":591,"date":"2025-12-30T18:05:00","date_gmt":"2025-12-30T17:05:00","guid":{"rendered":"http:\/\/www.wortwerkwittenberg.de\/wordpress\/?p=591"},"modified":"2026-03-30T09:10:04","modified_gmt":"2026-03-30T07:10:04","slug":"vortragsreihe-des-vereins-wortwerk-wittenberg-e-v-des-instituts-fuer-deutsche-sprache-und-kultur-e-v-und-der-stiftung-leucorea","status":"publish","type":"post","link":"http:\/\/www.wortwerkwittenberg.de\/wordpress\/vortragsreihe-des-vereins-wortwerk-wittenberg-e-v-des-instituts-fuer-deutsche-sprache-und-kultur-e-v-und-der-stiftung-leucorea\/","title":{"rendered":"Redezeit"},"content":{"rendered":"\n<p><\/p>\n\n\n\n<p>Vortragsreihe des Vereins WortWerkWittenberg e.V., des Instituts f\u00fcr deutsche Kultur e.V. und der Stiftung Leucorea im Lektorium der Leucorea.<\/p>\n\n\n\n<p>Am Anfang ist die Sprache. Ohne sie gibt es kein Miteinander unter Menschen. Sie ist der Grundstoff unserer Demokratie ebensosehr wie der Spiegel unserer Kultur und unserer geschichtlichen Erfahrung.<br>In Zusammenarbeit mit der Stiftung LEUCOREA und dem Institut f\u00fcr deutsche Sprache und Kultur e.V. an der Martin\u00ad-Luther-Universit\u00e4t Halle-Wittenberg l\u00e4dt der Verein WortWerkWittenberg e.V. dazu ein, in einer Reihe mit dem Titel <em>Redezeit<\/em> \u00fcber unsere Sprache und wie sie unser allt\u00e4gliches Leben bestimmt ins Gespr\u00e4ch zu kommen.<br>Im Anschluss an einen kurzen Vortrag ist dazu bei Getr\u00e4nken und kleinen Knabbereien Gelegenheit.<\/p>\n\n\n\n<p class=\"has-large-font-size\">Redezeit am 13.04. 2026, 18.00 Uhr:<\/p>\n\n\n\n<div class=\"wp-block-group is-content-justification-space-between is-nowrap is-layout-flex wp-container-core-group-is-layout-0dfbf163 wp-block-group-is-layout-flex\">\n<p class=\"has-large-font-size\"><strong>Referent<\/strong>: <strong>Prof. Dr. Ralph Mocikat<\/strong><\/p>\n\n\n\n<div class=\"wp-block-group is-nowrap is-layout-flex wp-container-core-group-is-layout-ad2f72ca wp-block-group-is-layout-flex\">\n<div class=\"wp-block-group is-nowrap is-layout-flex wp-container-core-group-is-layout-ad2f72ca wp-block-group-is-layout-flex\"><\/div>\n<\/div>\n<\/div>\n\n\n\n<p class=\"has-large-font-size\">&#8218;Studieren in Deutschland: Nur auf Englisch?&#8216;<\/p>\n\n\n\n<p>Hochschulen haben einen gesellschaftlichen Sicherstellungsauftrag. Ihnen obliegt u.a. die wissenschaftsbasierte Ausbildung der Fachkr\u00e4fte, die in Unternehmen, der Verwaltung, im Gesundheitswesen usw. ben\u00f6tigt werden. Vor dem Hintergrund politischer Vorgaben zur Internationalisierung stellen immer mehr deutsche Hochschulen ganze Studieng\u00e4nge \u2013 auch in unmittelbar praxisbezogenen Disziplinen \u2013 auf die Lehrsprache Englisch um, ohne Angebote in der Landessprache aufrecht zu erhalten. Dies wirft grunds\u00e4tzliche Fragen auf:<\/p>\n\n\n\n<p>Wie wirkt sich die Umstellung auf eine Fremdsprache auf das demokratische Selbstverst\u00e4ndnis der Hochschulen, die Stellung der Wissenschaft in der Gesellschaft, den gesellschaftlichen Zusammenhalt sowie die Wissenschaftsakzeptanz in der \u00d6ffentlichkeit aus?<\/p>\n\n\n\n<p>Welche Folgen hat fremdsprachige Lehre f\u00fcr die Qualit\u00e4t der Ausbildung? Wie entwickelt sich die Zahl der Studienabbrecher?<\/p>\n\n\n\n<p>Wie kann soziale und kulturelle Integration ausl\u00e4ndischer Akademiker gelingen, wenn diese in eine englischsprachige akademische Parallelwelt gedr\u00e4ngt werden? Was bedeutet das f\u00fcr das interkulturelle Verst\u00e4ndnis?<\/p>\n\n\n\n<p>K\u00f6nnen Absolventen, denen landessprachliche Kenntnisse und landessprachliche Fachtermini fehlen, auf dem inl\u00e4ndischen Arbeitsmarkt Fu\u00df fassen? Welche Folgen hat das f\u00fcr die Volkswirtschaft? <\/p>\n\n\n\n<p><\/p>\n\n\n\n<p>Prof. Dr. Ralph Mocikat ist Mediziner, sein Forschungsfeld ist vor allem die Immunologie. Er war u.a. Professor an der Ludwig-Maximilians-Universit\u00e4t M\u00fcnchen und Direktor des Instituts f\u00fcr Molekulare Immunologie, H\u00e4matologikum M\u00fcnchen-Gro\u00dfhadern und geh\u00f6rt dem Arbeitskreis Deutsch als Wissenschaftssprache (ADAWIS) e.V., Berlin\/M\u00fcnchen an.<\/p>\n\n\n\n<p><\/p>\n\n\n\n<p><\/p>\n\n\n\n<p><\/p>\n\n\n\n<p><\/p>\n\n\n\n<p><\/p>\n\n\n\n<p><\/p>\n\n\n\n<p><\/p>\n\n\n\n<p><\/p>\n\n\n\n<p><\/p>\n\n\n\n<p><\/p>\n\n\n\n<p><\/p>\n\n\n\n<p><\/p>\n","protected":false},"excerpt":{"rendered":"<p>Vortragsreihe des Vereins WortWerkWittenberg e.V., des Instituts f\u00fcr deutsche Kultur e.V. und der Stiftung Leucorea im Lektorium der Leucorea. Am Anfang ist die Sprache. Ohne sie gibt es kein Miteinander unter Menschen. Sie ist der Grundstoff unserer Demokratie ebensosehr wie der Spiegel unserer Kultur und unserer geschichtlichen Erfahrung.In Zusammenarbeit mit \u2026<\/p>\n<p class=\"continue-reading-button\"> <a class=\"continue-reading-link\" href=\"http:\/\/www.wortwerkwittenberg.de\/wordpress\/vortragsreihe-des-vereins-wortwerk-wittenberg-e-v-des-instituts-fuer-deutsche-sprache-und-kultur-e-v-und-der-stiftung-leucorea\/\">Mehr lesen?<i class=\"crycon-right-dir\"><\/i><\/a><\/p>\n","protected":false},"author":1,"featured_media":584,"comment_status":"open","ping_status":"open","sticky":false,"template":"","format":"standard","meta":{"footnotes":""},"categories":[3],"tags":[],"class_list":["post-591","post","type-post","status-publish","format-standard","has-post-thumbnail","hentry","category-aktuelles"],"_links":{"self":[{"href":"http:\/\/www.wortwerkwittenberg.de\/wordpress\/wp-json\/wp\/v2\/posts\/591","targetHints":{"allow":["GET"]}}],"collection":[{"href":"http:\/\/www.wortwerkwittenberg.de\/wordpress\/wp-json\/wp\/v2\/posts"}],"about":[{"href":"http:\/\/www.wortwerkwittenberg.de\/wordpress\/wp-json\/wp\/v2\/types\/post"}],"author":[{"embeddable":true,"href":"http:\/\/www.wortwerkwittenberg.de\/wordpress\/wp-json\/wp\/v2\/users\/1"}],"replies":[{"embeddable":true,"href":"http:\/\/www.wortwerkwittenberg.de\/wordpress\/wp-json\/wp\/v2\/comments?post=591"}],"version-history":[{"count":46,"href":"http:\/\/www.wortwerkwittenberg.de\/wordpress\/wp-json\/wp\/v2\/posts\/591\/revisions"}],"predecessor-version":[{"id":897,"href":"http:\/\/www.wortwerkwittenberg.de\/wordpress\/wp-json\/wp\/v2\/posts\/591\/revisions\/897"}],"wp:featuredmedia":[{"embeddable":true,"href":"http:\/\/www.wortwerkwittenberg.de\/wordpress\/wp-json\/wp\/v2\/media\/584"}],"wp:attachment":[{"href":"http:\/\/www.wortwerkwittenberg.de\/wordpress\/wp-json\/wp\/v2\/media?parent=591"}],"wp:term":[{"taxonomy":"category","embeddable":true,"href":"http:\/\/www.wortwerkwittenberg.de\/wordpress\/wp-json\/wp\/v2\/categories?post=591"},{"taxonomy":"post_tag","embeddable":true,"href":"http:\/\/www.wortwerkwittenberg.de\/wordpress\/wp-json\/wp\/v2\/tags?post=591"}],"curies":[{"name":"wp","href":"https:\/\/api.w.org\/{rel}","templated":true}]}}